{"id":217,"date":"2024-02-01T19:21:00","date_gmt":"2024-02-01T19:21:00","guid":{"rendered":"https:\/\/dev.nysmusic.com\/2024\/2024\/02\/01\/the-paco-de-lucia-legacy-nys-greatest-flamenco-tribute-is-here\/"},"modified":"2024-02-01T19:21:00","modified_gmt":"2024-02-01T19:21:00","slug":"the-paco-de-lucia-legacy-nys-greatest-flamenco-tribute-is-here","status":"publish","type":"post","link":"https:\/\/dev.nysmusic.com\/2024\/2024\/02\/01\/the-paco-de-lucia-legacy-nys-greatest-flamenco-tribute-is-here\/","title":{"rendered":"The Paco de Lucia Legacy &#8211; NY&#8217;s Greatest Flamenco Tribute is Here"},"content":{"rendered":"\n<p>NYC is hosting an extraordinary festival from February 20 to 24 to pay tribute to legendary guitarist, Paco de Lucia. The festival will take place in various location around NYC including <a href=\"https:\/\/nysmusic.com\/2023\/10\/25\/cat-power-to-play-carnegie-hall-honoring-bob-dylan\/\">Carnegie Hall<\/a>, NYU, Instituto Cervantes, Symphony Space and more. The monumental event will feature over 30 artists, all coming together to honor the renowned Paco de Lucia, who passed on February 25, 2014.<\/p>\n\n\n\n<figure class=\"wp-block-image aligncenter size-large\"><img decoding=\"async\" src=\"https:\/\/dev.nysmusic.com\/wp-content\/uploads\/2024\/01\/27LUCIA1-superJumbo-768x520.webp\" alt=\"\" class=\"wp-image-492635\" \/><figcaption class=\"wp-element-caption\">Paco de Lucia in Havana in 2013<\/figcaption><\/figure>\n\n\n\n<p>Paco de Lucia is regarded as the master of flamenco guitar by many of those who took up the art form. This city-wide event, The Paco de Lucia Legacy Festival will demonstrate that flamenco is alive and as influential as ever. The festival will kick off with a medley of music at Carnegie Hall and wrap up five days later with a screening of the movie, &#8220;La busqueda&#8221; and a concert of honor.<\/p>\n\n\n\n<figure class=\"wp-block-image aligncenter size-large\"><img decoding=\"async\" src=\"https:\/\/dev.nysmusic.com\/wp-content\/uploads\/2024\/01\/lucia-768x1078.png\" alt=\"\" class=\"wp-image-492659\" \/><\/figure>\n\n\n\n<p><strong>Program + Ticketing Information<\/strong><\/p>\n\n\n\n<p><strong style=\"font-size: revert;, sans-serif;text-transform: initial\"><span style=\"border: 0px;font: inherit;margin: 0px;padding: 0px;vertical-align: baseline;color: inherit\">UE 2.20 at 7:30 p.m. Paco de Luc\u00eda Festival @ Carnegie Hall<\/span>\u00a0<\/strong><\/p>\n\n\n\n<p><span style=\"border: 0px;font: inherit;margin: 0px;padding: 0px;vertical-align: baseline;color: inherit\"><span style=\"border: 0px;font: inherit;margin: 0px;padding: 0px;vertical-align: baseline;color: inherit\">Stern Auditorium \/ Perelman Stage\u00a0at Carnegie Hall.\u00a057<\/span>th\u00a0Street &amp; 7th\u00a0Avenue, New York City<\/span>\u00a0<span style=\"border: 0px;font: inherit;margin: 0px;padding: 0px;vertical-align: baseline;color: inherit\">Tickets: $23-$120. Reserve at\u00a0<\/span><a data-auth=\"NotApplicable\" data-linkindex=\"7\" style=\"border: 0px;font: inherit;margin: 0px;padding: 0px;vertical-align: baseline\" href=\"https:\/\/link.mediaoutreach.meltwater.com\/ls\/click?upn=kuNmLUkkFf1IfqGVGwlwFoiRPPkDVcl5lAiTGtEJp-2BtyDW08dJUkpdwYtmwqK-2FCvkvXTG6Jdmg-2B4IzwVYPXy42xdtZvI6PLSzw-2FVDOtGKcWlccTYXW04M-2ByTRdPFg89D6pDh_uiiox54E6U4mIj1mghtWVcvZ-2BtRqUjITh299NYXdMD46sm-2FTVaannKVKTHiVeggYb9KzeDo2nvr6ySyDylUQ8b5WtYM9GT4vi-2FPl96MpxB6qQStRW6ilNR0qua27hY7KrMP96bp2BJ6qpbfbP-2BiiKYc0iP3nIH07L-2F-2FD-2BiMEVFAPBKSsPpvWfzO-2BxY1kHUUCRXAj7a3aQSLQnTQ8J0f4mtFV4PRqnK35GwCUVS2ccSrUGYgLCkcA5Fl6kmRKJp6enG1QN1DLTom2gwZuo6qiGWmYapBc96neKpg6znjovyH3HDRxLZU-2BiTNOnc5ucMjnJJ-2B4qeQGAZLjoZUVaBA1gmp5HVBXzTcJZ38GP5SMGRedW707ITDBdv2Z5F-2BxNBwT\" target=\"_blank\" rel=\"noreferrer noopener\"><span style=\"border: 0px;font: inherit;margin: 0px;padding: 0px;vertical-align: baseline;color: inherit\">www.carnegiehall.org<\/span><\/a><span style=\"border: 0px;font: inherit;margin: 0px;padding: 0px;vertical-align: baseline;color: inherit\">\u00a0<span style=\"border: 0px;font: inherit;margin: 0px;padding: 0px;vertical-align: baseline;color: inherit\">or call Carnegie Charge 212-247-7800.\u00a0<\/span><\/span>\u00a0<span style=\"border: 0px;font: inherit;margin: 0px;padding: 0px;vertical-align: baseline;color: inherit\">Program: The festival kickstarts with this one-night musical tribute by 32+ artists.<\/span>\u00a0<span style=\"border: 0px;font: inherit;margin: 0px;padding: 0px;vertical-align: baseline;color: inherit\"><span style=\"border: 0px;font: inherit;margin: 0px;padding: 0px;vertical-align: baseline;color: inherit\">Performers:\u00a0Karime\u00a0Amaya,\u00a0Farru\u00a0and\u00a0Farruquito<\/span>\u00a0<span style=\"border: 0px;font: inherit;margin: 0px;padding: 0px;vertical-align: baseline;color: inherit\">(dancers);\u00a0Al Di\u00a0Meola,\u00a0Josemi\u00a0Carmona,\u00a0Yerai\u00a0Cort\u00e9s, Antonio Rey, Rafael\u00a0Riqueni, Ni\u00f1o\u00a0Josele,\u00a0J.M.Bandera\u00a0and Pepe\u00a0Habichuela<\/span>\u00a0<span style=\"border: 0px;font: inherit;margin: 0px;padding: 0px;vertical-align: baseline;color: inherit\">(guitarists);\u00a0Rub\u00e9n Blades, Diego &#8216;El\u00a0Cigala&#8217;,\u00a0Duquende,\u00a0Chonchi\u00a0Heredia,\u00a0Salif\u00a0Keita, Carmen Linares, Jos\u00e9\u00a0Merc\u00e9,\u00a0S\u00edlvia\u00a0P\u00e9rez Cruz and\u00a0Makarines\u00a0(vocalists),\u00a0Carles<\/span>\u00a0<span style=\"border: 0px;font: inherit;margin: 0px;padding: 0px;vertical-align: baseline;color: inherit\">Benavent\u00a0(bass), Alain P\u00e9rez (bass), Javier Colina (double bass), Rubem Dantas, Tino Di Geraldo and Israel Su\u00e1rez &#8216;Pira\u00f1a&#8217; (percussion),\u00a0Madou<\/span>\u00a0<span style=\"border: 0px;font: inherit;margin: 0px;padding: 0px;vertical-align: baseline;color: inherit\">Diabat\u00e9\u00a0(kora), Chano Dom\u00ednguez (piano), Jorge Pardo (flute),\u00a0Nesrine<\/span>\u00a0<span style=\"border: 0px;font: inherit;margin: 0px;padding: 0px;vertical-align: baseline;color: inherit\">Belmokh\u00a0(voice + cello), harmonica by Antonio Serrano (harmonica), and more.<\/span>\u00a0<\/span><\/p>\n\n\n\n<p><strong><span style=\"border: 0px;font: inherit;margin: 0px;padding: 0px;vertical-align: baseline;color: inherit\">WED 2.21 at 6:00 p.m. Paco de Luc\u00eda Legacy Festival @ Instituto Cervantes\u00a0<\/span>\u00a0<\/strong><\/p>\n\n\n\n<p><span style=\"border: 0px;font: inherit;margin: 0px;padding: 0px;vertical-align: baseline;color: inherit\"><span style=\"border: 0px;font: inherit;margin: 0px;padding: 0px;vertical-align: baseline;color: inherit\">Instituto Cervantes, 211-215 East 49th Street, New York City\u00a0<\/span>\u00a0<span style=\"border: 0px;font: inherit;margin: 0px;padding: 0px;vertical-align: baseline;color: inherit\">Tickets:\u00a0Free Admission.<\/span>\u00a0<span style=\"border: 0px;font: inherit;margin: 0px;padding: 0px;vertical-align: baseline;color: inherit\">Presentation of C\u00e9sar Su\u00e1rez\u2019s book\u00a0\u2018El enigma Paco de Luc\u00eda\u2019<\/span>\u00a0<span style=\"border: 0px;font: inherit;margin: 0px;padding: 0px;vertical-align: baseline;color: inherit\">and\u00a0concert:<\/span>\u00a0<span style=\"border: 0px;font: inherit;margin: 0px;padding: 0px;vertical-align: baseline;color: inherit\">\u2018Masters\u00a0vs. Young Promises\u2019.<\/span>\u00a0<\/span><\/p>\n\n\n\n<p><strong><span style=\"border: 0px;font: inherit;margin: 0px;padding: 0px;vertical-align: baseline;color: inherit\">WED 2.21 at 7:10 p.m. Paco de Luc\u00eda Festival @ Symphony Space<\/span>\u00a0<\/strong><\/p>\n\n\n\n<p><span style=\"border: 0px;font: inherit;margin: 0px;padding: 0px;vertical-align: baseline;color: inherit\">Symphony Space, Peter Jay Sharp Theatre, 2537 Broadway, New York City<\/span>\u00a0<span style=\"border: 0px;font: inherit;margin: 0px;padding: 0px;vertical-align: baseline;color: inherit\">Tickets: $20-$50. To reserve, visit\u00a0<\/span><a data-auth=\"NotApplicable\" data-linkindex=\"8\" style=\"border: 0px;font: inherit;margin: 0px;padding: 0px;vertical-align: baseline\" href=\"https:\/\/link.mediaoutreach.meltwater.com\/ls\/click?upn=kuNmLUkkFf1IfqGVGwlwFrrII3MO9bvTxj1pRp9d3g5auwN8N42CDaLWuJqzjBDNb9kVFPpG3lYy4dWaf0SM0uplkuGft1kNQWGfHuIrwUda-2BCcyeysQNi7jKbllMMWb7WcO_uiiox54E6U4mIj1mghtWVcvZ-2BtRqUjITh299NYXdMD46sm-2FTVaannKVKTHiVeggYb9KzeDo2nvr6ySyDylUQ8b5WtYM9GT4vi-2FPl96MpxB6qQStRW6ilNR0qua27hY7KrMP96bp2BJ6qpbfbP-2BiiKYc0iP3nIH07L-2F-2FD-2BiMEVFAPBKSsPpvWfzO-2BxY1kHUUCRXAj7a3aQSLQnTQ8J0f4mgp6Y4COdDP793jrxH9TlWLGK1c0f2rVk-2BgCml59WkUN0FjCwoo9xRvmz5YWztI1Ys6s5UYJRhsOpa1VR-2FlFEwmh4OdEKTFEv3Y6yLNR3dpQHJd1HnPuE1cnAvieUAKCeaBAMw8a55sVNPRioM7dsYGjv-2FN0ejPI0GssEcHbl7oc\" target=\"_blank\" rel=\"noreferrer noopener\"><span style=\"border: 0px;font: inherit;margin: 0px;padding: 0px;vertical-align: baseline;color: inherit\"><span style=\"border: 0px;font: inherit;margin: 0px;padding: 0px;vertical-align: baseline;color: inherit\">www.symphonyspace.org<\/span><\/span><\/a>\u00a0<span style=\"border: 0px;font: inherit;margin: 0px;padding: 0px;vertical-align: baseline;color: inherit\">or call Box Office at 212-864-5400.<\/span>\u00a0<span style=\"border: 0px;font: inherit;margin: 0px;padding: 0px;vertical-align: baseline;color: inherit\"><span style=\"border: 0px;font: inherit;margin: 0px;padding: 0px;vertical-align: baseline;color: inherit\">Program: Multi-GRAMMY winner Arturo O\u2019Farrill and The Afro-Latin Jazz Orchestra performs an evening\u00a0of arrangements of Paco\u2019s compositions, under the joint musical direction\u00a0of Arturo O\u2019Farrill and Valencian pianist and arranger, Alex Conde.\u00a0<\/span><\/span>\u00a0<span style=\"border: 0px;font: inherit;margin: 0px;padding: 0px;vertical-align: baseline;color: inherit\"><span style=\"border: 0px;font: inherit;margin: 0px;padding: 0px;vertical-align: baseline;color: inherit\">Performers: Arturo O\u2019Farrill Afro-Latin Jazz Orchestra, Alex Conde (piano), Antonio Rey (flamenco guitar),\u00a0Chonchi\u00a0Heredia (vocals),\u00a0Karime\u00a0Amaya (dancer), Antonio Serrano (harmonica), and Rubem Dantas (Brazilian percussion).<\/span>\u00a0<\/span><\/p>\n\n\n\n<p><strong>WED 2.21 @ 7:00 p.m. Paco de Luc\u00eda Festival @ LPR\u00a0<\/strong>\u00a0<\/p>\n\n\n\n<p><span style=\"border: 0px;font: inherit;margin: 0px;padding: 0px;vertical-align: baseline;color: inherit\">Le Poisson Rouge, 158 Bleecker Street, New York City<\/span>\u00a0<span style=\"border: 0px;font: inherit;margin: 0px;padding: 0px;vertical-align: baseline;color: inherit\">Tickets: $35-$65. Reserve at\u00a0<\/span><a data-auth=\"NotApplicable\" data-linkindex=\"9\" style=\"border: 0px;font: inherit;margin: 0px;padding: 0px;vertical-align: baseline\" href=\"https:\/\/link.mediaoutreach.meltwater.com\/ls\/click?upn=kuNmLUkkFf1IfqGVGwlwFj-2FB4PplWbkjVvRvJPkJmmf-2BZoMY2q8JQ9Dkpy2XftoFQ0vo0wW7ipFRYvMDflz4CtsQe4VjzCJg86hbPhYS9GUKZrgtuhHyaTgwLqbTLHEAbRwOOexKVNO3Akkeb4b6ZX8Js5vEHNm1QNCBNAbOKMj0a8UlZ2CDey26eOKGGhPoo4DXd1hUdKk36uBwh9R1aA0l9UUaCTvL120Bs9Dit-2FhAyhlq-2B0NKurDVJsb0-2FQG05r-2B1OGEAul-2B0SlGM4Z03-2BPXEAXsH3QcT8rYdL9MNpFmTsJfr1OB-2BUJJcFd44Uxa1qC8qajL3trLcR6XrizjJTFsJTf1Xq32Ym5yNfpujReiPPpKEN6D-2BzFhJRxg16CX-2FMFU3-2FUm-2F-2BWLzsiwQXZ4MoJ6FZEiDc4sL0DC9xNfvUOY4qPPsHO8hNiiDzxNI6VhLqOJFMtsnv8l1u4Asdro04JkIOKAvK8kq15rGfKcajPLmnSdJJKoZ4xmsxSVW-2BleJuZ4aDFJ4BCrSGUT763diDQ-3D-3D1ScT_uiiox54E6U4mIj1mghtWVcvZ-2BtRqUjITh299NYXdMD46sm-2FTVaannKVKTHiVeggYb9KzeDo2nvr6ySyDylUQ8b5WtYM9GT4vi-2FPl96MpxB6qQStRW6ilNR0qua27hY7KrMP96bp2BJ6qpbfbP-2BiiKYc0iP3nIH07L-2F-2FD-2BiMEVFAPBKSsPpvWfzO-2BxY1kHUUCRXAj7a3aQSLQnTQ8J0f4muS-2F3cWj2XWJYy6wNhTi7rebKEgOZvTi32gTZe5ffSiGuil7oEAz3rUbKAzsIyr2M0cbACLrbcikYvB1e8DskLmCowTQhL0AkBZbMXnbVCjUEV6HeGQBtoWaP8e1e3Yv6OD5SiXy-2BFOn43Ys4SaPIjBGQWm7JSto79WfFVkRJB7P\" target=\"_blank\" rel=\"noreferrer noopener\"><span style=\"border: 0px;font: inherit;margin: 0px;padding: 0px;vertical-align: baseline;color: inherit\"><span style=\"border: 0px;font: inherit;margin: 0px;padding: 0px;vertical-align: baseline;color: inherit\">www.lpr.com<\/span><\/span><\/a>\u00a0<span style=\"border: 0px;font: inherit;margin: 0px;padding: 0px;vertical-align: baseline;color: inherit\">or visit the LPR Box Office.<\/span>\u00a0<span style=\"border: 0px;font: inherit;margin: 0px;padding: 0px;vertical-align: baseline;color: inherit\"><span style=\"border: 0px;font: inherit;margin: 0px;padding: 0px;vertical-align: baseline;color: inherit\">Program: Le Poisson Rouge hosts some of the most significant flamenco artists from Andalucia, who performed with Paco\u00a0de Luc\u00eda. The first set,\u00a0\u2018De\u00a0Cerca\u2019,\u00a0comprises\u00a0the work of Josemi Carmona, Javier\u00a0Colina, featuring Israel\u00a0Saurez<\/span>\u00a0<span style=\"border: 0px;font: inherit;margin: 0px;padding: 0px;vertical-align: baseline;color: inherit\">\u2018Pira\u00f1a\u2019\u00a0and guest singer Silvia Perez Cruz. Jorge Pardo and pianist Chano Dominguez lead the second set in their vibrant tribute to the genius of\u00a0Andalucia. They two have taken on the difficult proposition of reinterpreting \u201c10 of Paco\u201d \u2013 the best-known melodies without guitar, featuring\u00a0\u2018Farru\u2019\u00a0(dancer), who was part of the Paco de Lucia global tour.<\/span>\u00a0<\/span>\u00a0<span style=\"border: 0px;font: inherit;margin: 0px;padding: 0px;vertical-align: baseline;color: inherit\"><span style=\"border: 0px;font: inherit;margin: 0px;padding: 0px;vertical-align: baseline;color: inherit\">Performers:\u00a0Josemi\u00a0Carmona, Javier Colina,\u00a0\u2018Pira\u00f1a\u2019, S\u00edlvia P\u00e9rez Cruz, Jorge Pardo, Chano Dominguez, Tino\u00a0di\u00a0Geraldo,\u00a0and<\/span>\u00a0<span style=\"border: 0px;font: inherit;margin: 0px;padding: 0px;vertical-align: baseline;color: inherit\">guest<\/span>\u00a0<span style=\"border: 0px;font: inherit;margin: 0px;padding: 0px;vertical-align: baseline;color: inherit\">dancer<\/span>\u00a0<span style=\"border: 0px;font: inherit;margin: 0px;padding: 0px;vertical-align: baseline;color: inherit\">Farru.\u00a0<\/span>\u00a0<\/span><\/p>\n\n\n\n<p><strong><span style=\"border: 0px;font: inherit;margin: 0px;padding: 0px;vertical-align: baseline;color: inherit\">THU 2.22 @ 12:00 p.m. Paco de Luc\u00eda Festival: Flamenco Master Class<\/span>\u00a0<\/strong><\/p>\n\n\n\n<p><span style=\"border: 0px;font: inherit;margin: 0px;padding: 0px;vertical-align: baseline;color: inherit\">KJCC-NYU, 53 Washington Square South, New York City<\/span>\u00a0<span style=\"border: 0px;font: inherit;margin: 0px;padding: 0px;vertical-align: baseline;color: inherit\">Tickets: FREE and open to the public. Reservations strongly encouraged. Register at\u00a0<\/span><a data-auth=\"NotApplicable\" data-linkindex=\"10\" style=\"border: 0px;font: inherit;margin: 0px;padding: 0px;vertical-align: baseline\" href=\"https:\/\/link.mediaoutreach.meltwater.com\/ls\/click?upn=QqDmT38u-2BX7oXu-2B1YUhGDXLkYKoyeLTRda74NGsxj4o-3DBPXX_uiiox54E6U4mIj1mghtWVcvZ-2BtRqUjITh299NYXdMD46sm-2FTVaannKVKTHiVeggYb9KzeDo2nvr6ySyDylUQ8b5WtYM9GT4vi-2FPl96MpxB6qQStRW6ilNR0qua27hY7KrMP96bp2BJ6qpbfbP-2BiiKYc0iP3nIH07L-2F-2FD-2BiMEVFAPBKSsPpvWfzO-2BxY1kHUUCRXAj7a3aQSLQnTQ8J0f4ms2itkdcm6V1BSHiE9iWkp3otnIaXpCaCbLrIY-2F3sWv3x3cyGbmHx1EVEHGyGF4Wi-2B4Mf9NzgGjDLiqsFFlIF5UbF-2BmXMPfe1Z3M8p7eVbqbq7aonA0SmQKzXMS-2Btf12HjzMuLyH0m6Q3M37EAiOT4wXathyYYVPkTl8LI5x0wXO\" target=\"_blank\" rel=\"noreferrer noopener\"><span style=\"border: 0px;font: inherit;margin: 0px;padding: 0px;vertical-align: baseline;color: inherit\">KJCC.org.<\/span><\/a>\u00a0\u00a0<span style=\"border: 0px;font: inherit;margin: 0px;padding: 0px;vertical-align: baseline;color: inherit\"><span style=\"border: 0px;font: inherit;margin: 0px;padding: 0px;vertical-align: baseline;color: inherit\">Program:\u00a0On February 22, percussionist\u00a0\u2018Pira\u00f1a\u2019\u00a0and\u00a0singers<\/span>\u00a0<span style=\"border: 0px;font: inherit;margin: 0px;padding: 0px;vertical-align: baseline;color: inherit\">and\u00a0palmas<\/span>\u00a0<span style=\"border: 0px;font: inherit;margin: 0px;padding: 0px;vertical-align: baseline;color: inherit\">duo\u00a0Makarines\u00a0will give a rhythm master class at KJCC-NYU. A Q&amp;A session and reception will follow the master class.<\/span>\u00a0<\/span><\/p>\n\n\n\n<p><strong><span style=\"border: 0px;font: inherit;margin: 0px;padding: 0px;vertical-align: baseline;color: inherit\">THU 2.22 @ 7:30 p.m. Paco de Luc\u00eda Festival @ Town Hall<\/span>\u00a0<\/strong><\/p>\n\n\n\n<p><span style=\"border: 0px;font: inherit;margin: 0px;padding: 0px;vertical-align: baseline;color: inherit\">Town Hall, 123 West 43rd\u00a0Street, New York City<\/span>\u00a0<span style=\"border: 0px;font: inherit;margin: 0px;padding: 0px;vertical-align: baseline;color: inherit\"><span style=\"border: 0px;font: inherit;margin: 0px;padding: 0px;vertical-align: baseline;color: inherit\">Tickets:<\/span>\u00a0<\/span><a data-auth=\"NotApplicable\" data-linkindex=\"11\" style=\"border: 0px;font: inherit;margin: 0px;padding: 0px;vertical-align: baseline\" href=\"https:\/\/link.mediaoutreach.meltwater.com\/ls\/click?upn=kuNmLUkkFf1IfqGVGwlwFvzbIJV-2FT8sqd4j3kEnHWmpxIyisBGrIPLUVAmYPTcKUqPbjneUPl-2FZEQB5lNCDDF2nUPE3IdSZgCzCwS0uHFJC2806ezW2hHKxMYTD-2BQrZM7bZb_uiiox54E6U4mIj1mghtWVcvZ-2BtRqUjITh299NYXdMD46sm-2FTVaannKVKTHiVeggYb9KzeDo2nvr6ySyDylUQ8b5WtYM9GT4vi-2FPl96MpxB6qQStRW6ilNR0qua27hY7KrMP96bp2BJ6qpbfbP-2BiiKYc0iP3nIH07L-2F-2FD-2BiMEVFAPBKSsPpvWfzO-2BxY1kHUUCRXAj7a3aQSLQnTQ8J0f4mqSV4XNxxIOM17re9TsDM6z1AINkT-2BnxKyHWkFmnMh7XZq-2BHnbx54N-2BizcRkqKm-2Fab0aypUahsmMxcW5JLlK3SxmkEEAT9lb4SNTq-2BBvMRnk1QOsSy9u-2F4rU03RkH1QFPQmt2hTFN-2Fi1Xa-2FdNOEwjcH-2FBa4iic1xVC-2BW-2B7Gj-2BQ8b\" target=\"_blank\" rel=\"noreferrer noopener\"><span style=\"border: 0px;font: inherit;margin: 0px;padding: 0px;vertical-align: baseline;color: inherit\">https:\/\/thetownhall.org\/event\/paco-de-lucia-legacy-flamenco-summits-meets-new-york<\/span><\/a><span style=\"border: 0px;font: inherit;margin: 0px;padding: 0px;vertical-align: baseline;color: inherit\">\u00a0<span style=\"border: 0px;font: inherit;margin: 0px;padding: 0px;vertical-align: baseline;color: inherit\">Reserve at<\/span>\u00a0<\/span><a data-auth=\"NotApplicable\" data-linkindex=\"12\" style=\"border: 0px;font: inherit;margin: 0px;padding: 0px;vertical-align: baseline\" href=\"https:\/\/link.mediaoutreach.meltwater.com\/ls\/click?upn=kuNmLUkkFf1IfqGVGwlwFkB0UI7litXCL2FqMftG8pJkLYNWauzcOJ-2Fr46pHy-2BueF567f-2BSBAqscRNiYIGlTjHGsXlZGzI4LGVPZLOi-2BiKT-2BVUyecjK1OA7u5cDydhBH7Y9p_uiiox54E6U4mIj1mghtWVcvZ-2BtRqUjITh299NYXdMD46sm-2FTVaannKVKTHiVeggYb9KzeDo2nvr6ySyDylUQ8b5WtYM9GT4vi-2FPl96MpxB6qQStRW6ilNR0qua27hY7KrMP96bp2BJ6qpbfbP-2BiiKYc0iP3nIH07L-2F-2FD-2BiMEVFAPBKSsPpvWfzO-2BxY1kHUUCRXAj7a3aQSLQnTQ8J0f4mgGlQRbmhBsHh5c9ye31uLluTdowuqhWO7Fzh0p24y-2B-2FT71-2F410nigCLqndSHnJRIVVZQOpcjlkeZy6f8xNaY3gHJGJpjNRfZgmbxTkYKuCogYNFJsPfa1bAMPEF2zDd9NcUkzbxuaMKeNxBscsgUuK9JSoV03Mnz0fhOQsDLcJg\" target=\"_blank\" rel=\"noreferrer noopener\"><span style=\"border: 0px;font: inherit;margin: 0px;padding: 0px;vertical-align: baseline;color: inherit\">www.pacodelucialegacy.com<\/span><\/a><span style=\"border: 0px;font: inherit;margin: 0px;padding: 0px;vertical-align: baseline;color: inherit\">\u00a0<span style=\"border: 0px;font: inherit;margin: 0px;padding: 0px;vertical-align: baseline;color: inherit\">or call the Box Office at 212-997-6661.<\/span><\/span>\u00a0<span style=\"border: 0px;font: inherit;margin: 0px;padding: 0px;vertical-align: baseline;color: inherit\">Program: A special<\/span>\u00a0<span style=\"border: 0px;font: inherit;margin: 0px;padding: 0px;vertical-align: baseline;color: inherit\">gala called\u00a0<span style=\"border: 0px;font: inherit;margin: 0px;padding: 0px;vertical-align: baseline;color: inherit\">Flamenco Meets New York\u00a0<\/span>will promote an unprecedented meeting between flamenco artists and leading New York musicians.\u00a0<\/span>\u00a0<span style=\"border: 0px;font: inherit;margin: 0px;padding: 0px;vertical-align: baseline;color: inherit\"><span style=\"border: 0px;font: inherit;margin: 0px;padding: 0px;vertical-align: baseline;color: inherit\">Performers:\u00a0Ni\u00f1o\u00a0Josele, Rub\u00e9n Blades,\u00a0Josemi\u00a0Carmona,\u00a0Salif\u00a0Keita, Antonio Rey, Richard Bona, Pepe\u00a0Habichuela,\u00a0Farruquito,\u00a0Farru,\u00a0Karime\u00a0Amaya, Alain P\u00e9rez, Rafael\u00a0Riqueni, Antonio S\u00e1nchez, and\u00a0S\u00edlvia\u00a0P\u00e9rez Cruz.<\/span>\u00a0<\/span><\/p>\n\n\n\n<p><strong><span style=\"border: 0px;font: inherit;margin: 0px;padding: 0px;vertical-align: baseline;color: inherit\">FRI 2.23 @ 6:00<\/span>\u00a0<span style=\"border: 0px;font: inherit;margin: 0px;padding: 0px;vertical-align: baseline;color: inherit\">p.m. Paco de Luc\u00eda Festival @ Instituto Cervantes<\/span><\/strong><\/p>\n\n\n\n<p><span style=\"border: 0px;font: inherit;margin: 0px;padding: 0px;vertical-align: baseline;color: inherit\">Instituto Cervantes, 211-215 East 49th\u00a0Street, New York City<\/span>\u00a0<span style=\"border: 0px;font: inherit;margin: 0px;padding: 0px;vertical-align: baseline;color: inherit\"><span style=\"border: 0px;font: inherit;margin: 0px;padding: 0px;vertical-align: baseline;color: inherit\">Tickets:\u00a0FREE and open to the public. First come, first served.\u00a0<\/span><\/span>\u00a0<span style=\"border: 0px;font: inherit;margin: 0px;padding: 0px;vertical-align: baseline;color: inherit\">Program: Puro Flamenco recital.<\/span>\u00a0<span style=\"border: 0px;font: inherit;margin: 0px;padding: 0px;vertical-align: baseline;color: inherit\">Performers:\u00a0<span style=\"border: 0px;font: inherit;margin: 0px;padding: 0px;vertical-align: baseline;color: inherit\">Pepe\u00a0Habichuela, Rafael\u00a0Riqueni, and Carmen Linares<\/span>\u00a0<\/span><\/p>\n\n\n\n<p><strong><span style=\"border: 0px;font: inherit;margin: 0px;padding: 0px;vertical-align: baseline;color: inherit\">FRI 2.23 at 7:30 p.m. Paco de Luc\u00eda Festival @ Mercado<\/span>\u00a0<\/strong><\/p>\n\n\n\n<p><span style=\"border: 0px;font: inherit;margin: 0px;padding: 0px;vertical-align: baseline;color: inherit\"><span style=\"border: 0px;font: inherit;margin: 0px;padding: 0px;vertical-align: baseline;color: inherit\">Mercado, Little Spain Market, 10 Hudson Yards, New York City<\/span><\/span>\u00a0<span style=\"border: 0px;font: inherit;margin: 0px;padding: 0px;vertical-align: baseline;color: inherit\">Tickets: FREE and open to the public. First come, first served.<\/span>\u00a0<span style=\"border: 0px;font: inherit;margin: 0px;padding: 0px;vertical-align: baseline;color: inherit\"><span style=\"border: 0px;font: inherit;margin: 0px;padding: 0px;vertical-align: baseline;color: inherit\">Program: FREE Fiesta\u00a0Flamenca\u00a0concert.<\/span><\/span>\u00a0<\/p>\n\n\n\n<p><span style=\"border: 0px;font: inherit;margin: 0px;padding: 0px;vertical-align: baseline;color: inherit\"><strong><span style=\"border: 0px;font: inherit;margin: 0px;padding: 0px;vertical-align: baseline;color: inherit\">SAT 2.24 p.m Paco de Luc\u00eda Festival.\u00a0<\/span>\u00a0<\/strong><\/span><\/p>\n\n\n\n<p><span style=\"border: 0px;font: inherit;margin: 0px;padding: 0px;vertical-align: baseline;color: inherit\"><span style=\"border: 0px;font: inherit;margin: 0px;padding: 0px;vertical-align: baseline;color: inherit\">Program: A screening of the film &#8216;La b\u00fasqueda&#8217; (\u2018The Search\u2019) by the guitarist&#8217;s son, Curro S\u00e1nchez, followed by a concert, will culminate this multi-dimensional tribute.<\/span>\u00a0<\/span><\/p>\n\n\n\n<figure class=\"wp-block-embed is-type-video is-provider-youtube wp-block-embed-youtube wp-embed-aspect-4-3 wp-has-aspect-ratio\"><div class=\"wp-block-embed__wrapper\">\n<iframe loading=\"lazy\" title=\"Paco de Lucia - Entre dos aguas (1976) full video\" width=\"500\" height=\"375\" src=\"https:\/\/www.youtube.com\/embed\/2oyhlad64-s?feature=oembed\" frameborder=\"0\" allow=\"accelerometer; autoplay; clipboard-write; encrypted-media; gyroscope; picture-in-picture; web-share\" referrerpolicy=\"strict-origin-when-cross-origin\" allowfullscreen><\/iframe>\n<\/div><\/figure>\n","protected":false},"excerpt":{"rendered":"<p>NYC is hosting an extraordinary festival from February 20 to 24 to pay tribute to legendary guitarist, Paco de Lucia. The festival will take place in various location around NYC including Carnegie Hall, NYU, Instituto Cervantes, Symphony Space and more. The monumental event will feature over 30 artists, all coming together to honor the renowned [&hellip;]<\/p>\n","protected":false},"author":168,"featured_media":0,"comment_status":"open","ping_status":"open","sticky":false,"template":"","format":"standard","meta":{"_acf_changed":false,"_breakdance_hide_in_design_set":false,"_breakdance_tags":"","footnotes":""},"categories":[230,314,4,39,11,38,12],"tags":[232,590,478,198,591],"class_list":["post-217","post","type-post","status-publish","format-standard","hentry","category-classical","category-festival-news","category-genres","category-manhattan","category-news-desk","category-nyc-metro","category-regions","tag-carnegie-hall","tag-flamenco","tag-manhattan","tag-music-news","tag-new-york-music"],"acf":[],"yoast_head":"<!-- This site is optimized with the Yoast SEO plugin v27.5 - https:\/\/yoast.com\/product\/yoast-seo-wordpress\/ -->\n<title>The Paco de Lucia Legacy - NY&#039;s Greatest Flamenco Tribute is Here - NYS Music 2024<\/title>\n<meta name=\"description\" content=\"NYC is hosting an extraordinary festival from February 20 to 24 to pay tribute to legendary guitarist, Paco de Lucia.\" \/>\n<meta name=\"robots\" content=\"index, follow, max-snippet:-1, max-image-preview:large, max-video-preview:-1\" \/>\n<link rel=\"canonical\" href=\"https:\/\/dev.nysmusic.com\/2024\/2024\/02\/01\/the-paco-de-lucia-legacy-nys-greatest-flamenco-tribute-is-here\/\" \/>\n<meta property=\"og:locale\" content=\"en_US\" \/>\n<meta property=\"og:type\" content=\"article\" \/>\n<meta property=\"og:title\" content=\"The Paco de Lucia Legacy - NY&#039;s Greatest Flamenco Tribute is Here - NYS Music 2024\" \/>\n<meta property=\"og:description\" content=\"NYC is hosting an extraordinary festival from February 20 to 24 to pay tribute to legendary guitarist, Paco de Lucia.\" \/>\n<meta property=\"og:url\" content=\"https:\/\/dev.nysmusic.com\/2024\/2024\/02\/01\/the-paco-de-lucia-legacy-nys-greatest-flamenco-tribute-is-here\/\" \/>\n<meta property=\"og:site_name\" content=\"NYS Music 2024\" \/>\n<meta property=\"article:published_time\" content=\"2024-02-01T19:21:00+00:00\" \/>\n<meta property=\"og:image\" content=\"https:\/\/dev.nysmusic.com\/wp-content\/uploads\/2024\/01\/27LUCIA1-superJumbo-768x520.webp\" \/>\n<meta name=\"author\" content=\"nick motto\" \/>\n<meta name=\"twitter:card\" content=\"summary_large_image\" \/>\n<meta name=\"twitter:label1\" content=\"Written by\" \/>\n\t<meta name=\"twitter:data1\" content=\"nick motto\" \/>\n\t<meta name=\"twitter:label2\" content=\"Est. reading time\" \/>\n\t<meta name=\"twitter:data2\" content=\"4 minutes\" \/>\n<script type=\"application\/ld+json\" class=\"yoast-schema-graph\">{\"@context\":\"https:\\\/\\\/schema.org\",\"@graph\":[{\"@type\":\"Article\",\"@id\":\"https:\\\/\\\/dev.nysmusic.com\\\/2024\\\/2024\\\/02\\\/01\\\/the-paco-de-lucia-legacy-nys-greatest-flamenco-tribute-is-here\\\/#article\",\"isPartOf\":{\"@id\":\"https:\\\/\\\/dev.nysmusic.com\\\/2024\\\/2024\\\/02\\\/01\\\/the-paco-de-lucia-legacy-nys-greatest-flamenco-tribute-is-here\\\/\"},\"author\":{\"name\":\"nick motto\",\"@id\":\"https:\\\/\\\/dev.nysmusic.com\\\/2024\\\/#\\\/schema\\\/person\\\/af6f01b58b3a3cc3555058958e4be1ee\"},\"headline\":\"The Paco de Lucia Legacy &#8211; NY&#8217;s Greatest Flamenco Tribute is Here\",\"datePublished\":\"2024-02-01T19:21:00+00:00\",\"mainEntityOfPage\":{\"@id\":\"https:\\\/\\\/dev.nysmusic.com\\\/2024\\\/2024\\\/02\\\/01\\\/the-paco-de-lucia-legacy-nys-greatest-flamenco-tribute-is-here\\\/\"},\"wordCount\":870,\"commentCount\":0,\"image\":{\"@id\":\"https:\\\/\\\/dev.nysmusic.com\\\/2024\\\/2024\\\/02\\\/01\\\/the-paco-de-lucia-legacy-nys-greatest-flamenco-tribute-is-here\\\/#primaryimage\"},\"thumbnailUrl\":\"https:\\\/\\\/dev.nysmusic.com\\\/wp-content\\\/uploads\\\/2024\\\/01\\\/27LUCIA1-superJumbo-768x520.webp\",\"keywords\":[\"Carnegie Hall\",\"flamenco\",\"manhattan\",\"Music News\",\"New York Music\"],\"articleSection\":[\"Classical\",\"Festival News\",\"Genres\",\"Manhattan\",\"News Desk\",\"NYC Metro\",\"Regions\"],\"inLanguage\":\"en-US\",\"potentialAction\":[{\"@type\":\"CommentAction\",\"name\":\"Comment\",\"target\":[\"https:\\\/\\\/dev.nysmusic.com\\\/2024\\\/2024\\\/02\\\/01\\\/the-paco-de-lucia-legacy-nys-greatest-flamenco-tribute-is-here\\\/#respond\"]}]},{\"@type\":\"WebPage\",\"@id\":\"https:\\\/\\\/dev.nysmusic.com\\\/2024\\\/2024\\\/02\\\/01\\\/the-paco-de-lucia-legacy-nys-greatest-flamenco-tribute-is-here\\\/\",\"url\":\"https:\\\/\\\/dev.nysmusic.com\\\/2024\\\/2024\\\/02\\\/01\\\/the-paco-de-lucia-legacy-nys-greatest-flamenco-tribute-is-here\\\/\",\"name\":\"The Paco de Lucia Legacy - NY's Greatest Flamenco Tribute is Here - NYS Music 2024\",\"isPartOf\":{\"@id\":\"https:\\\/\\\/dev.nysmusic.com\\\/2024\\\/#website\"},\"primaryImageOfPage\":{\"@id\":\"https:\\\/\\\/dev.nysmusic.com\\\/2024\\\/2024\\\/02\\\/01\\\/the-paco-de-lucia-legacy-nys-greatest-flamenco-tribute-is-here\\\/#primaryimage\"},\"image\":{\"@id\":\"https:\\\/\\\/dev.nysmusic.com\\\/2024\\\/2024\\\/02\\\/01\\\/the-paco-de-lucia-legacy-nys-greatest-flamenco-tribute-is-here\\\/#primaryimage\"},\"thumbnailUrl\":\"https:\\\/\\\/dev.nysmusic.com\\\/wp-content\\\/uploads\\\/2024\\\/01\\\/27LUCIA1-superJumbo-768x520.webp\",\"datePublished\":\"2024-02-01T19:21:00+00:00\",\"author\":{\"@id\":\"https:\\\/\\\/dev.nysmusic.com\\\/2024\\\/#\\\/schema\\\/person\\\/af6f01b58b3a3cc3555058958e4be1ee\"},\"description\":\"NYC is hosting an extraordinary festival from February 20 to 24 to pay tribute to legendary guitarist, Paco de Lucia.\",\"breadcrumb\":{\"@id\":\"https:\\\/\\\/dev.nysmusic.com\\\/2024\\\/2024\\\/02\\\/01\\\/the-paco-de-lucia-legacy-nys-greatest-flamenco-tribute-is-here\\\/#breadcrumb\"},\"inLanguage\":\"en-US\",\"potentialAction\":[{\"@type\":\"ReadAction\",\"target\":[\"https:\\\/\\\/dev.nysmusic.com\\\/2024\\\/2024\\\/02\\\/01\\\/the-paco-de-lucia-legacy-nys-greatest-flamenco-tribute-is-here\\\/\"]}]},{\"@type\":\"ImageObject\",\"inLanguage\":\"en-US\",\"@id\":\"https:\\\/\\\/dev.nysmusic.com\\\/2024\\\/2024\\\/02\\\/01\\\/the-paco-de-lucia-legacy-nys-greatest-flamenco-tribute-is-here\\\/#primaryimage\",\"url\":\"https:\\\/\\\/dev.nysmusic.com\\\/wp-content\\\/uploads\\\/2024\\\/01\\\/27LUCIA1-superJumbo-768x520.webp\",\"contentUrl\":\"https:\\\/\\\/dev.nysmusic.com\\\/wp-content\\\/uploads\\\/2024\\\/01\\\/27LUCIA1-superJumbo-768x520.webp\"},{\"@type\":\"BreadcrumbList\",\"@id\":\"https:\\\/\\\/dev.nysmusic.com\\\/2024\\\/2024\\\/02\\\/01\\\/the-paco-de-lucia-legacy-nys-greatest-flamenco-tribute-is-here\\\/#breadcrumb\",\"itemListElement\":[{\"@type\":\"ListItem\",\"position\":1,\"name\":\"Home\",\"item\":\"https:\\\/\\\/dev.nysmusic.com\\\/2024\\\/\"},{\"@type\":\"ListItem\",\"position\":2,\"name\":\"The Paco de Lucia Legacy &#8211; NY&#8217;s Greatest Flamenco Tribute is Here\"}]},{\"@type\":\"WebSite\",\"@id\":\"https:\\\/\\\/dev.nysmusic.com\\\/2024\\\/#website\",\"url\":\"https:\\\/\\\/dev.nysmusic.com\\\/2024\\\/\",\"name\":\"NYS Music 2024\",\"description\":\"\",\"potentialAction\":[{\"@type\":\"SearchAction\",\"target\":{\"@type\":\"EntryPoint\",\"urlTemplate\":\"https:\\\/\\\/dev.nysmusic.com\\\/2024\\\/?s={search_term_string}\"},\"query-input\":{\"@type\":\"PropertyValueSpecification\",\"valueRequired\":true,\"valueName\":\"search_term_string\"}}],\"inLanguage\":\"en-US\"},{\"@type\":\"Person\",\"@id\":\"https:\\\/\\\/dev.nysmusic.com\\\/2024\\\/#\\\/schema\\\/person\\\/af6f01b58b3a3cc3555058958e4be1ee\",\"name\":\"nick motto\",\"image\":{\"@type\":\"ImageObject\",\"inLanguage\":\"en-US\",\"@id\":\"https:\\\/\\\/secure.gravatar.com\\\/avatar\\\/520906779346147f5ce5e5d000b5319554087e8547c226ac3df072933621e079?s=96&d=mm&r=g\",\"url\":\"https:\\\/\\\/secure.gravatar.com\\\/avatar\\\/520906779346147f5ce5e5d000b5319554087e8547c226ac3df072933621e079?s=96&d=mm&r=g\",\"contentUrl\":\"https:\\\/\\\/secure.gravatar.com\\\/avatar\\\/520906779346147f5ce5e5d000b5319554087e8547c226ac3df072933621e079?s=96&d=mm&r=g\",\"caption\":\"nick motto\"},\"description\":\"Originally from Long Island. Current senior at UAlbany. Extraordinarily passionate about music and comedy. Nothing can get in the way of me excelling at a dream.\",\"url\":\"https:\\\/\\\/dev.nysmusic.com\\\/2024\\\/author\\\/nickmotto\\\/\"}]}<\/script>\n<!-- \/ Yoast SEO plugin. -->","yoast_head_json":{"title":"The Paco de Lucia Legacy - NY's Greatest Flamenco Tribute is Here - NYS Music 2024","description":"NYC is hosting an extraordinary festival from February 20 to 24 to pay tribute to legendary guitarist, Paco de Lucia.","robots":{"index":"index","follow":"follow","max-snippet":"max-snippet:-1","max-image-preview":"max-image-preview:large","max-video-preview":"max-video-preview:-1"},"canonical":"https:\/\/dev.nysmusic.com\/2024\/2024\/02\/01\/the-paco-de-lucia-legacy-nys-greatest-flamenco-tribute-is-here\/","og_locale":"en_US","og_type":"article","og_title":"The Paco de Lucia Legacy - NY's Greatest Flamenco Tribute is Here - NYS Music 2024","og_description":"NYC is hosting an extraordinary festival from February 20 to 24 to pay tribute to legendary guitarist, Paco de Lucia.","og_url":"https:\/\/dev.nysmusic.com\/2024\/2024\/02\/01\/the-paco-de-lucia-legacy-nys-greatest-flamenco-tribute-is-here\/","og_site_name":"NYS Music 2024","article_published_time":"2024-02-01T19:21:00+00:00","og_image":[{"url":"https:\/\/dev.nysmusic.com\/wp-content\/uploads\/2024\/01\/27LUCIA1-superJumbo-768x520.webp","type":"","width":"","height":""}],"author":"nick motto","twitter_card":"summary_large_image","twitter_misc":{"Written by":"nick motto","Est. reading time":"4 minutes"},"schema":{"@context":"https:\/\/schema.org","@graph":[{"@type":"Article","@id":"https:\/\/dev.nysmusic.com\/2024\/2024\/02\/01\/the-paco-de-lucia-legacy-nys-greatest-flamenco-tribute-is-here\/#article","isPartOf":{"@id":"https:\/\/dev.nysmusic.com\/2024\/2024\/02\/01\/the-paco-de-lucia-legacy-nys-greatest-flamenco-tribute-is-here\/"},"author":{"name":"nick motto","@id":"https:\/\/dev.nysmusic.com\/2024\/#\/schema\/person\/af6f01b58b3a3cc3555058958e4be1ee"},"headline":"The Paco de Lucia Legacy &#8211; NY&#8217;s Greatest Flamenco Tribute is Here","datePublished":"2024-02-01T19:21:00+00:00","mainEntityOfPage":{"@id":"https:\/\/dev.nysmusic.com\/2024\/2024\/02\/01\/the-paco-de-lucia-legacy-nys-greatest-flamenco-tribute-is-here\/"},"wordCount":870,"commentCount":0,"image":{"@id":"https:\/\/dev.nysmusic.com\/2024\/2024\/02\/01\/the-paco-de-lucia-legacy-nys-greatest-flamenco-tribute-is-here\/#primaryimage"},"thumbnailUrl":"https:\/\/dev.nysmusic.com\/wp-content\/uploads\/2024\/01\/27LUCIA1-superJumbo-768x520.webp","keywords":["Carnegie Hall","flamenco","manhattan","Music News","New York Music"],"articleSection":["Classical","Festival News","Genres","Manhattan","News Desk","NYC Metro","Regions"],"inLanguage":"en-US","potentialAction":[{"@type":"CommentAction","name":"Comment","target":["https:\/\/dev.nysmusic.com\/2024\/2024\/02\/01\/the-paco-de-lucia-legacy-nys-greatest-flamenco-tribute-is-here\/#respond"]}]},{"@type":"WebPage","@id":"https:\/\/dev.nysmusic.com\/2024\/2024\/02\/01\/the-paco-de-lucia-legacy-nys-greatest-flamenco-tribute-is-here\/","url":"https:\/\/dev.nysmusic.com\/2024\/2024\/02\/01\/the-paco-de-lucia-legacy-nys-greatest-flamenco-tribute-is-here\/","name":"The Paco de Lucia Legacy - NY's Greatest Flamenco Tribute is Here - NYS Music 2024","isPartOf":{"@id":"https:\/\/dev.nysmusic.com\/2024\/#website"},"primaryImageOfPage":{"@id":"https:\/\/dev.nysmusic.com\/2024\/2024\/02\/01\/the-paco-de-lucia-legacy-nys-greatest-flamenco-tribute-is-here\/#primaryimage"},"image":{"@id":"https:\/\/dev.nysmusic.com\/2024\/2024\/02\/01\/the-paco-de-lucia-legacy-nys-greatest-flamenco-tribute-is-here\/#primaryimage"},"thumbnailUrl":"https:\/\/dev.nysmusic.com\/wp-content\/uploads\/2024\/01\/27LUCIA1-superJumbo-768x520.webp","datePublished":"2024-02-01T19:21:00+00:00","author":{"@id":"https:\/\/dev.nysmusic.com\/2024\/#\/schema\/person\/af6f01b58b3a3cc3555058958e4be1ee"},"description":"NYC is hosting an extraordinary festival from February 20 to 24 to pay tribute to legendary guitarist, Paco de Lucia.","breadcrumb":{"@id":"https:\/\/dev.nysmusic.com\/2024\/2024\/02\/01\/the-paco-de-lucia-legacy-nys-greatest-flamenco-tribute-is-here\/#breadcrumb"},"inLanguage":"en-US","potentialAction":[{"@type":"ReadAction","target":["https:\/\/dev.nysmusic.com\/2024\/2024\/02\/01\/the-paco-de-lucia-legacy-nys-greatest-flamenco-tribute-is-here\/"]}]},{"@type":"ImageObject","inLanguage":"en-US","@id":"https:\/\/dev.nysmusic.com\/2024\/2024\/02\/01\/the-paco-de-lucia-legacy-nys-greatest-flamenco-tribute-is-here\/#primaryimage","url":"https:\/\/dev.nysmusic.com\/wp-content\/uploads\/2024\/01\/27LUCIA1-superJumbo-768x520.webp","contentUrl":"https:\/\/dev.nysmusic.com\/wp-content\/uploads\/2024\/01\/27LUCIA1-superJumbo-768x520.webp"},{"@type":"BreadcrumbList","@id":"https:\/\/dev.nysmusic.com\/2024\/2024\/02\/01\/the-paco-de-lucia-legacy-nys-greatest-flamenco-tribute-is-here\/#breadcrumb","itemListElement":[{"@type":"ListItem","position":1,"name":"Home","item":"https:\/\/dev.nysmusic.com\/2024\/"},{"@type":"ListItem","position":2,"name":"The Paco de Lucia Legacy &#8211; NY&#8217;s Greatest Flamenco Tribute is Here"}]},{"@type":"WebSite","@id":"https:\/\/dev.nysmusic.com\/2024\/#website","url":"https:\/\/dev.nysmusic.com\/2024\/","name":"NYS Music 2024","description":"","potentialAction":[{"@type":"SearchAction","target":{"@type":"EntryPoint","urlTemplate":"https:\/\/dev.nysmusic.com\/2024\/?s={search_term_string}"},"query-input":{"@type":"PropertyValueSpecification","valueRequired":true,"valueName":"search_term_string"}}],"inLanguage":"en-US"},{"@type":"Person","@id":"https:\/\/dev.nysmusic.com\/2024\/#\/schema\/person\/af6f01b58b3a3cc3555058958e4be1ee","name":"nick motto","image":{"@type":"ImageObject","inLanguage":"en-US","@id":"https:\/\/secure.gravatar.com\/avatar\/520906779346147f5ce5e5d000b5319554087e8547c226ac3df072933621e079?s=96&d=mm&r=g","url":"https:\/\/secure.gravatar.com\/avatar\/520906779346147f5ce5e5d000b5319554087e8547c226ac3df072933621e079?s=96&d=mm&r=g","contentUrl":"https:\/\/secure.gravatar.com\/avatar\/520906779346147f5ce5e5d000b5319554087e8547c226ac3df072933621e079?s=96&d=mm&r=g","caption":"nick motto"},"description":"Originally from Long Island. Current senior at UAlbany. Extraordinarily passionate about music and comedy. Nothing can get in the way of me excelling at a dream.","url":"https:\/\/dev.nysmusic.com\/2024\/author\/nickmotto\/"}]}},"_links":{"self":[{"href":"https:\/\/dev.nysmusic.com\/2024\/wp-json\/wp\/v2\/posts\/217","targetHints":{"allow":["GET"]}}],"collection":[{"href":"https:\/\/dev.nysmusic.com\/2024\/wp-json\/wp\/v2\/posts"}],"about":[{"href":"https:\/\/dev.nysmusic.com\/2024\/wp-json\/wp\/v2\/types\/post"}],"author":[{"embeddable":true,"href":"https:\/\/dev.nysmusic.com\/2024\/wp-json\/wp\/v2\/users\/168"}],"replies":[{"embeddable":true,"href":"https:\/\/dev.nysmusic.com\/2024\/wp-json\/wp\/v2\/comments?post=217"}],"version-history":[{"count":0,"href":"https:\/\/dev.nysmusic.com\/2024\/wp-json\/wp\/v2\/posts\/217\/revisions"}],"wp:attachment":[{"href":"https:\/\/dev.nysmusic.com\/2024\/wp-json\/wp\/v2\/media?parent=217"}],"wp:term":[{"taxonomy":"category","embeddable":true,"href":"https:\/\/dev.nysmusic.com\/2024\/wp-json\/wp\/v2\/categories?post=217"},{"taxonomy":"post_tag","embeddable":true,"href":"https:\/\/dev.nysmusic.com\/2024\/wp-json\/wp\/v2\/tags?post=217"}],"curies":[{"name":"wp","href":"https:\/\/api.w.org\/{rel}","templated":true}]}}