{"id":1034,"date":"2021-08-25T19:30:00","date_gmt":"2021-08-25T19:30:00","guid":{"rendered":"https:\/\/dev.nysmusic.com\/2021\/2021\/08\/25\/the-met-opera-to-remember-9-11-with-verdis-requiem\/"},"modified":"2021-08-25T19:30:00","modified_gmt":"2021-08-25T19:30:00","slug":"the-met-opera-to-remember-9-11-with-verdis-requiem","status":"publish","type":"post","link":"https:\/\/dev.nysmusic.com\/2021\/2021\/08\/25\/the-met-opera-to-remember-9-11-with-verdis-requiem\/","title":{"rendered":"The Met Opera to Remember 9\/11 with Verdi\u2019s Requiem"},"content":{"rendered":"\n<p>To commemorate the 20th anniversary of the events on September 11, the Metropolitan Opera will perform Verdi&#8217;s  Requiem, presented in association with the National September 11 Memorial &amp; Museum.<\/p>\n\n\n\n<div class=\"wp-block-image\"><figure class=\"aligncenter size-large\"><img decoding=\"async\" src=\"https:\/\/dev.nysmusic.com\/wp-content\/uploads\/2021\/08\/verdi_requiem-1600x685-v3-768x329.jpg\" alt=\"Verdi\u2019s Requiem\" class=\"wp-image-381773\"\/><\/figure><\/div>\n\n\n\n<p>Music Director Yannick N\u00e9zet-S\u00e9guin will conduct the Met Orchestra and Chorus as well as a quartet of star soloists,  soprano Ailyn P\u00e9rez, mezzo-soprano El\u012bna Garan\u010da, tenor Matthew Polenzani, and bass-baritone Eric Owens. The concert marks the first performance inside the Metropolitan Opera House since the March 2020 closure due to the COVID-19 pandemic.<\/p>\n\n\n\n<p>Audiences in <a href=\"https:\/\/nysmusic.com\/site\/category\/regions\/metro-nyc\/\">New York City<\/a> and beyond will also be able to see and hear live transmissions of&nbsp;<em>Verdi\u2019s Requiem: The Met Remembers 9\/11<\/em>. The performance will be transmitted live as part of&nbsp;<em>Great Performances&nbsp;<\/em>on PBS, with ballet star Misty Copeland hosting the program from nearby the site of the 9\/11 Museum. Live audio from the performance will also be broadcast directly outside the Met in <a href=\"https:\/\/www.lincolncenter.org\/lincoln-center-at-home\/show\/the-green-521\">Lincoln Center Plaza<\/a>. As part of a citywide remembrance, the Met will be participating in the 9\/11 Tribute in Light, bathing its fa\u00e7ade in sky-blue light. The English-language text of the Requiem will also be projected onto the fa\u00e7ade of the opera house during the performance.<\/p>\n\n\n\n<div class=\"wp-block-image\"><figure class=\"aligncenter size-large\"><img decoding=\"async\" src=\"https:\/\/dev.nysmusic.com\/wp-content\/uploads\/2021\/08\/unnamed-8-768x512.jpg\" alt=\"Verdi\u2019s Requiem\" class=\"wp-image-381771\"\/><\/figure><\/div>\n\n\n\n<p>The concert and broadcast&nbsp;are&nbsp;made possible by a generous gift from C. Graham Berwind, III, and the Metropolitan Opera Chorus costumes were underwritten by a generous gift from Douglas Dockery Thomas. <\/p>\n\n\n\n<p>Additionally, The Met has given 500 tickets to families and stakeholders impacted by 9\/11. Tickets are $25 and go on sale August 27 at 12PM ET. Due to&nbsp;limited seating capacity, tickets are limited to two per order.<\/p>\n\n\n\n<p><strong>Face masks and proof of full vaccination against COVID-19 are required for all audience members.&nbsp;<a href=\"https:\/\/www.metopera.org\/link\/9eab9521a60a4f96a4cbb815c6134116.aspx\" target=\"_blank\" rel=\"noreferrer noopener\">Learn more<\/a>.<\/strong><\/p>\n\n\n\n<p>Get tickets <a href=\"https:\/\/www.metopera.org\/season\/2021-22-gala\/verdis-requiem\">here <\/a>on August 27 at 12noon<\/p>\n\n\n\n<p>On Tuesday, The Metropolitan Opera struck a labor deal with its orchestra, paving the way for its musicians to return to work and for the company, the largest performing arts organization in the nation. The Met Opera will resume performances in September after being shut down for more than a year by the pandemic. More on that from the<a href=\"https:\/\/www.nytimes.com\/2021\/08\/24\/arts\/music\/met-opera-orchestra-deal.html\"> New York Times.<\/a><\/p>\n\n\n\n<figure class=\"wp-block-embed is-type-video is-provider-youtube wp-block-embed-youtube wp-embed-aspect-16-9 wp-has-aspect-ratio\"><div class=\"wp-block-embed__wrapper\">\n<iframe loading=\"lazy\" title=\"Verdi: Messa da Requiem \u2219 hr-Sinfonieorchester \u2219 MDR Rundfunkchor \u2219 Solisten \u2219 Andr\u00e9s Orozco-Estrada\" width=\"500\" height=\"281\" src=\"https:\/\/www.youtube.com\/embed\/Nlq9lJRElBk?feature=oembed\" frameborder=\"0\" allow=\"accelerometer; autoplay; clipboard-write; encrypted-media; gyroscope; picture-in-picture; web-share\" referrerpolicy=\"strict-origin-when-cross-origin\" allowfullscreen><\/iframe>\n<\/div><\/figure>\n","protected":false},"excerpt":{"rendered":"<p>To commemorate the 20th anniversary of the events on September 11, the Metropolitan Opera will perform Verdi&#8217;s Requiem, presented in association with the National September 11 Memorial &amp; Museum. Music Director Yannick N\u00e9zet-S\u00e9guin will conduct the Met Orchestra and Chorus as well as a quartet of star soloists, soprano Ailyn P\u00e9rez, mezzo-soprano El\u012bna Garan\u010da, tenor [&hellip;]<\/p>\n","protected":false},"author":5,"featured_media":0,"comment_status":"open","ping_status":"open","sticky":false,"template":"","format":"standard","meta":{"_acf_changed":false,"_breakdance_hide_in_design_set":false,"_breakdance_tags":"","footnotes":""},"categories":[104,2,15,68,14,6,84],"tags":[2276,2744,2745],"class_list":["post-1034","post","type-post","status-publish","format-standard","hentry","category-classical","category-genres","category-manhattan","category-news-desk","category-nyc-metro","category-regions","category-upcoming-shows","tag-9-11","tag-met-opera","tag-verdi"],"acf":[],"yoast_head":"<!-- This site is optimized with the Yoast SEO plugin v27.5 - https:\/\/yoast.com\/product\/yoast-seo-wordpress\/ -->\n<title>The Met Opera to Remember 9\/11 with Verdi\u2019s Requiem - NYS Music 202\u200b1<\/title>\n<meta name=\"description\" content=\"In commemoration of the 20th anniversary of 9\/11, the Met presents Verdi\u2019s Requiem, with Music Director Yannick N\u00e9zet-S\u00e9guin conducting\" \/>\n<meta name=\"robots\" content=\"index, follow, max-snippet:-1, max-image-preview:large, max-video-preview:-1\" \/>\n<link rel=\"canonical\" href=\"https:\/\/dev.nysmusic.com\/2021\/2021\/08\/25\/the-met-opera-to-remember-9-11-with-verdis-requiem\/\" \/>\n<meta property=\"og:locale\" content=\"en_US\" \/>\n<meta property=\"og:type\" content=\"article\" \/>\n<meta property=\"og:title\" content=\"The Met Opera to Remember 9\/11 with Verdi\u2019s Requiem - NYS Music 202\u200b1\" \/>\n<meta property=\"og:description\" content=\"In commemoration of the 20th anniversary of 9\/11, the Met presents Verdi\u2019s Requiem, with Music Director Yannick N\u00e9zet-S\u00e9guin conducting\" \/>\n<meta property=\"og:url\" content=\"https:\/\/dev.nysmusic.com\/2021\/2021\/08\/25\/the-met-opera-to-remember-9-11-with-verdis-requiem\/\" \/>\n<meta property=\"og:site_name\" content=\"NYS Music 202\u200b1\" \/>\n<meta property=\"article:published_time\" content=\"2021-08-25T19:30:00+00:00\" \/>\n<meta property=\"og:image\" content=\"https:\/\/dev.nysmusic.com\/wp-content\/uploads\/2021\/08\/verdi_requiem-1600x685-v3-768x329.jpg\" \/>\n<meta name=\"author\" content=\"Pete Mason\" \/>\n<meta name=\"twitter:card\" content=\"summary_large_image\" \/>\n<meta name=\"twitter:label1\" content=\"Written by\" \/>\n\t<meta name=\"twitter:data1\" content=\"Pete Mason\" \/>\n\t<meta name=\"twitter:label2\" content=\"Est. reading time\" \/>\n\t<meta name=\"twitter:data2\" content=\"2 minutes\" \/>\n<script type=\"application\/ld+json\" class=\"yoast-schema-graph\">{\"@context\":\"https:\\\/\\\/schema.org\",\"@graph\":[{\"@type\":\"Article\",\"@id\":\"https:\\\/\\\/dev.nysmusic.com\\\/2021\\\/2021\\\/08\\\/25\\\/the-met-opera-to-remember-9-11-with-verdis-requiem\\\/#article\",\"isPartOf\":{\"@id\":\"https:\\\/\\\/dev.nysmusic.com\\\/2021\\\/2021\\\/08\\\/25\\\/the-met-opera-to-remember-9-11-with-verdis-requiem\\\/\"},\"author\":{\"name\":\"Pete Mason\",\"@id\":\"https:\\\/\\\/dev.nysmusic.com\\\/2021\\\/#\\\/schema\\\/person\\\/99ba4358315c216ce5109db85e3c52c1\"},\"headline\":\"The Met Opera to Remember 9\\\/11 with Verdi\u2019s Requiem\",\"datePublished\":\"2021-08-25T19:30:00+00:00\",\"mainEntityOfPage\":{\"@id\":\"https:\\\/\\\/dev.nysmusic.com\\\/2021\\\/2021\\\/08\\\/25\\\/the-met-opera-to-remember-9-11-with-verdis-requiem\\\/\"},\"wordCount\":374,\"commentCount\":0,\"image\":{\"@id\":\"https:\\\/\\\/dev.nysmusic.com\\\/2021\\\/2021\\\/08\\\/25\\\/the-met-opera-to-remember-9-11-with-verdis-requiem\\\/#primaryimage\"},\"thumbnailUrl\":\"https:\\\/\\\/dev.nysmusic.com\\\/wp-content\\\/uploads\\\/2021\\\/08\\\/verdi_requiem-1600x685-v3-768x329.jpg\",\"keywords\":[\"9-11\",\"Met Opera\",\"verdi\"],\"articleSection\":[\"Classical\",\"Genres\",\"Manhattan\",\"News Desk\",\"NYC Metro\",\"Regions\",\"Upcoming Shows\"],\"inLanguage\":\"en-US\",\"potentialAction\":[{\"@type\":\"CommentAction\",\"name\":\"Comment\",\"target\":[\"https:\\\/\\\/dev.nysmusic.com\\\/2021\\\/2021\\\/08\\\/25\\\/the-met-opera-to-remember-9-11-with-verdis-requiem\\\/#respond\"]}]},{\"@type\":\"WebPage\",\"@id\":\"https:\\\/\\\/dev.nysmusic.com\\\/2021\\\/2021\\\/08\\\/25\\\/the-met-opera-to-remember-9-11-with-verdis-requiem\\\/\",\"url\":\"https:\\\/\\\/dev.nysmusic.com\\\/2021\\\/2021\\\/08\\\/25\\\/the-met-opera-to-remember-9-11-with-verdis-requiem\\\/\",\"name\":\"The Met Opera to Remember 9\\\/11 with Verdi\u2019s Requiem - NYS Music 202\u200b1\",\"isPartOf\":{\"@id\":\"https:\\\/\\\/dev.nysmusic.com\\\/2021\\\/#website\"},\"primaryImageOfPage\":{\"@id\":\"https:\\\/\\\/dev.nysmusic.com\\\/2021\\\/2021\\\/08\\\/25\\\/the-met-opera-to-remember-9-11-with-verdis-requiem\\\/#primaryimage\"},\"image\":{\"@id\":\"https:\\\/\\\/dev.nysmusic.com\\\/2021\\\/2021\\\/08\\\/25\\\/the-met-opera-to-remember-9-11-with-verdis-requiem\\\/#primaryimage\"},\"thumbnailUrl\":\"https:\\\/\\\/dev.nysmusic.com\\\/wp-content\\\/uploads\\\/2021\\\/08\\\/verdi_requiem-1600x685-v3-768x329.jpg\",\"datePublished\":\"2021-08-25T19:30:00+00:00\",\"author\":{\"@id\":\"https:\\\/\\\/dev.nysmusic.com\\\/2021\\\/#\\\/schema\\\/person\\\/99ba4358315c216ce5109db85e3c52c1\"},\"description\":\"In commemoration of the 20th anniversary of 9\\\/11, the Met presents Verdi\u2019s Requiem, with Music Director Yannick N\u00e9zet-S\u00e9guin conducting\",\"breadcrumb\":{\"@id\":\"https:\\\/\\\/dev.nysmusic.com\\\/2021\\\/2021\\\/08\\\/25\\\/the-met-opera-to-remember-9-11-with-verdis-requiem\\\/#breadcrumb\"},\"inLanguage\":\"en-US\",\"potentialAction\":[{\"@type\":\"ReadAction\",\"target\":[\"https:\\\/\\\/dev.nysmusic.com\\\/2021\\\/2021\\\/08\\\/25\\\/the-met-opera-to-remember-9-11-with-verdis-requiem\\\/\"]}]},{\"@type\":\"ImageObject\",\"inLanguage\":\"en-US\",\"@id\":\"https:\\\/\\\/dev.nysmusic.com\\\/2021\\\/2021\\\/08\\\/25\\\/the-met-opera-to-remember-9-11-with-verdis-requiem\\\/#primaryimage\",\"url\":\"https:\\\/\\\/dev.nysmusic.com\\\/wp-content\\\/uploads\\\/2021\\\/08\\\/verdi_requiem-1600x685-v3-768x329.jpg\",\"contentUrl\":\"https:\\\/\\\/dev.nysmusic.com\\\/wp-content\\\/uploads\\\/2021\\\/08\\\/verdi_requiem-1600x685-v3-768x329.jpg\"},{\"@type\":\"BreadcrumbList\",\"@id\":\"https:\\\/\\\/dev.nysmusic.com\\\/2021\\\/2021\\\/08\\\/25\\\/the-met-opera-to-remember-9-11-with-verdis-requiem\\\/#breadcrumb\",\"itemListElement\":[{\"@type\":\"ListItem\",\"position\":1,\"name\":\"Home\",\"item\":\"https:\\\/\\\/dev.nysmusic.com\\\/2021\\\/\"},{\"@type\":\"ListItem\",\"position\":2,\"name\":\"The Met Opera to Remember 9\\\/11 with Verdi\u2019s Requiem\"}]},{\"@type\":\"WebSite\",\"@id\":\"https:\\\/\\\/dev.nysmusic.com\\\/2021\\\/#website\",\"url\":\"https:\\\/\\\/dev.nysmusic.com\\\/2021\\\/\",\"name\":\"NYS Music 202\u200b1\",\"description\":\"\",\"potentialAction\":[{\"@type\":\"SearchAction\",\"target\":{\"@type\":\"EntryPoint\",\"urlTemplate\":\"https:\\\/\\\/dev.nysmusic.com\\\/2021\\\/?s={search_term_string}\"},\"query-input\":{\"@type\":\"PropertyValueSpecification\",\"valueRequired\":true,\"valueName\":\"search_term_string\"}}],\"inLanguage\":\"en-US\"},{\"@type\":\"Person\",\"@id\":\"https:\\\/\\\/dev.nysmusic.com\\\/2021\\\/#\\\/schema\\\/person\\\/99ba4358315c216ce5109db85e3c52c1\",\"name\":\"Pete Mason\",\"image\":{\"@type\":\"ImageObject\",\"inLanguage\":\"en-US\",\"@id\":\"https:\\\/\\\/secure.gravatar.com\\\/avatar\\\/a16f5ce1bee423d09893a228d0f55f01fa35143e7cecb9060094ab3a5f24cf8d?s=96&d=mm&r=g\",\"url\":\"https:\\\/\\\/secure.gravatar.com\\\/avatar\\\/a16f5ce1bee423d09893a228d0f55f01fa35143e7cecb9060094ab3a5f24cf8d?s=96&d=mm&r=g\",\"contentUrl\":\"https:\\\/\\\/secure.gravatar.com\\\/avatar\\\/a16f5ce1bee423d09893a228d0f55f01fa35143e7cecb9060094ab3a5f24cf8d?s=96&d=mm&r=g\",\"caption\":\"Pete Mason\"},\"description\":\"Pete Mason is a teacher and writer living outside Albany. \\\"Counting Down the Number Line\\\" is his fourth children's book with illustrator Ryan Kerrigan. He is Publisher of NYS Music. He promotes artists through PhanArt shows, highlighting music-inspired fan creations while supporting The Mockingbird Foundation and Groovesafe. Pete@NYSMusic.com\",\"sameAs\":[\"http:\\\/\\\/www.phanart.net\"],\"url\":\"https:\\\/\\\/dev.nysmusic.com\\\/2021\\\/author\\\/phanart\\\/\"}]}<\/script>\n<!-- \/ Yoast SEO plugin. -->","yoast_head_json":{"title":"The Met Opera to Remember 9\/11 with Verdi\u2019s Requiem - NYS Music 202\u200b1","description":"In commemoration of the 20th anniversary of 9\/11, the Met presents Verdi\u2019s Requiem, with Music Director Yannick N\u00e9zet-S\u00e9guin conducting","robots":{"index":"index","follow":"follow","max-snippet":"max-snippet:-1","max-image-preview":"max-image-preview:large","max-video-preview":"max-video-preview:-1"},"canonical":"https:\/\/dev.nysmusic.com\/2021\/2021\/08\/25\/the-met-opera-to-remember-9-11-with-verdis-requiem\/","og_locale":"en_US","og_type":"article","og_title":"The Met Opera to Remember 9\/11 with Verdi\u2019s Requiem - NYS Music 202\u200b1","og_description":"In commemoration of the 20th anniversary of 9\/11, the Met presents Verdi\u2019s Requiem, with Music Director Yannick N\u00e9zet-S\u00e9guin conducting","og_url":"https:\/\/dev.nysmusic.com\/2021\/2021\/08\/25\/the-met-opera-to-remember-9-11-with-verdis-requiem\/","og_site_name":"NYS Music 202\u200b1","article_published_time":"2021-08-25T19:30:00+00:00","og_image":[{"url":"https:\/\/dev.nysmusic.com\/wp-content\/uploads\/2021\/08\/verdi_requiem-1600x685-v3-768x329.jpg","type":"","width":"","height":""}],"author":"Pete Mason","twitter_card":"summary_large_image","twitter_misc":{"Written by":"Pete Mason","Est. reading time":"2 minutes"},"schema":{"@context":"https:\/\/schema.org","@graph":[{"@type":"Article","@id":"https:\/\/dev.nysmusic.com\/2021\/2021\/08\/25\/the-met-opera-to-remember-9-11-with-verdis-requiem\/#article","isPartOf":{"@id":"https:\/\/dev.nysmusic.com\/2021\/2021\/08\/25\/the-met-opera-to-remember-9-11-with-verdis-requiem\/"},"author":{"name":"Pete Mason","@id":"https:\/\/dev.nysmusic.com\/2021\/#\/schema\/person\/99ba4358315c216ce5109db85e3c52c1"},"headline":"The Met Opera to Remember 9\/11 with Verdi\u2019s Requiem","datePublished":"2021-08-25T19:30:00+00:00","mainEntityOfPage":{"@id":"https:\/\/dev.nysmusic.com\/2021\/2021\/08\/25\/the-met-opera-to-remember-9-11-with-verdis-requiem\/"},"wordCount":374,"commentCount":0,"image":{"@id":"https:\/\/dev.nysmusic.com\/2021\/2021\/08\/25\/the-met-opera-to-remember-9-11-with-verdis-requiem\/#primaryimage"},"thumbnailUrl":"https:\/\/dev.nysmusic.com\/wp-content\/uploads\/2021\/08\/verdi_requiem-1600x685-v3-768x329.jpg","keywords":["9-11","Met Opera","verdi"],"articleSection":["Classical","Genres","Manhattan","News Desk","NYC Metro","Regions","Upcoming Shows"],"inLanguage":"en-US","potentialAction":[{"@type":"CommentAction","name":"Comment","target":["https:\/\/dev.nysmusic.com\/2021\/2021\/08\/25\/the-met-opera-to-remember-9-11-with-verdis-requiem\/#respond"]}]},{"@type":"WebPage","@id":"https:\/\/dev.nysmusic.com\/2021\/2021\/08\/25\/the-met-opera-to-remember-9-11-with-verdis-requiem\/","url":"https:\/\/dev.nysmusic.com\/2021\/2021\/08\/25\/the-met-opera-to-remember-9-11-with-verdis-requiem\/","name":"The Met Opera to Remember 9\/11 with Verdi\u2019s Requiem - NYS Music 202\u200b1","isPartOf":{"@id":"https:\/\/dev.nysmusic.com\/2021\/#website"},"primaryImageOfPage":{"@id":"https:\/\/dev.nysmusic.com\/2021\/2021\/08\/25\/the-met-opera-to-remember-9-11-with-verdis-requiem\/#primaryimage"},"image":{"@id":"https:\/\/dev.nysmusic.com\/2021\/2021\/08\/25\/the-met-opera-to-remember-9-11-with-verdis-requiem\/#primaryimage"},"thumbnailUrl":"https:\/\/dev.nysmusic.com\/wp-content\/uploads\/2021\/08\/verdi_requiem-1600x685-v3-768x329.jpg","datePublished":"2021-08-25T19:30:00+00:00","author":{"@id":"https:\/\/dev.nysmusic.com\/2021\/#\/schema\/person\/99ba4358315c216ce5109db85e3c52c1"},"description":"In commemoration of the 20th anniversary of 9\/11, the Met presents Verdi\u2019s Requiem, with Music Director Yannick N\u00e9zet-S\u00e9guin conducting","breadcrumb":{"@id":"https:\/\/dev.nysmusic.com\/2021\/2021\/08\/25\/the-met-opera-to-remember-9-11-with-verdis-requiem\/#breadcrumb"},"inLanguage":"en-US","potentialAction":[{"@type":"ReadAction","target":["https:\/\/dev.nysmusic.com\/2021\/2021\/08\/25\/the-met-opera-to-remember-9-11-with-verdis-requiem\/"]}]},{"@type":"ImageObject","inLanguage":"en-US","@id":"https:\/\/dev.nysmusic.com\/2021\/2021\/08\/25\/the-met-opera-to-remember-9-11-with-verdis-requiem\/#primaryimage","url":"https:\/\/dev.nysmusic.com\/wp-content\/uploads\/2021\/08\/verdi_requiem-1600x685-v3-768x329.jpg","contentUrl":"https:\/\/dev.nysmusic.com\/wp-content\/uploads\/2021\/08\/verdi_requiem-1600x685-v3-768x329.jpg"},{"@type":"BreadcrumbList","@id":"https:\/\/dev.nysmusic.com\/2021\/2021\/08\/25\/the-met-opera-to-remember-9-11-with-verdis-requiem\/#breadcrumb","itemListElement":[{"@type":"ListItem","position":1,"name":"Home","item":"https:\/\/dev.nysmusic.com\/2021\/"},{"@type":"ListItem","position":2,"name":"The Met Opera to Remember 9\/11 with Verdi\u2019s Requiem"}]},{"@type":"WebSite","@id":"https:\/\/dev.nysmusic.com\/2021\/#website","url":"https:\/\/dev.nysmusic.com\/2021\/","name":"NYS Music 202\u200b1","description":"","potentialAction":[{"@type":"SearchAction","target":{"@type":"EntryPoint","urlTemplate":"https:\/\/dev.nysmusic.com\/2021\/?s={search_term_string}"},"query-input":{"@type":"PropertyValueSpecification","valueRequired":true,"valueName":"search_term_string"}}],"inLanguage":"en-US"},{"@type":"Person","@id":"https:\/\/dev.nysmusic.com\/2021\/#\/schema\/person\/99ba4358315c216ce5109db85e3c52c1","name":"Pete Mason","image":{"@type":"ImageObject","inLanguage":"en-US","@id":"https:\/\/secure.gravatar.com\/avatar\/a16f5ce1bee423d09893a228d0f55f01fa35143e7cecb9060094ab3a5f24cf8d?s=96&d=mm&r=g","url":"https:\/\/secure.gravatar.com\/avatar\/a16f5ce1bee423d09893a228d0f55f01fa35143e7cecb9060094ab3a5f24cf8d?s=96&d=mm&r=g","contentUrl":"https:\/\/secure.gravatar.com\/avatar\/a16f5ce1bee423d09893a228d0f55f01fa35143e7cecb9060094ab3a5f24cf8d?s=96&d=mm&r=g","caption":"Pete Mason"},"description":"Pete Mason is a teacher and writer living outside Albany. \"Counting Down the Number Line\" is his fourth children's book with illustrator Ryan Kerrigan. He is Publisher of NYS Music. He promotes artists through PhanArt shows, highlighting music-inspired fan creations while supporting The Mockingbird Foundation and Groovesafe. Pete@NYSMusic.com","sameAs":["http:\/\/www.phanart.net"],"url":"https:\/\/dev.nysmusic.com\/2021\/author\/phanart\/"}]}},"_links":{"self":[{"href":"https:\/\/dev.nysmusic.com\/2021\/wp-json\/wp\/v2\/posts\/1034","targetHints":{"allow":["GET"]}}],"collection":[{"href":"https:\/\/dev.nysmusic.com\/2021\/wp-json\/wp\/v2\/posts"}],"about":[{"href":"https:\/\/dev.nysmusic.com\/2021\/wp-json\/wp\/v2\/types\/post"}],"author":[{"embeddable":true,"href":"https:\/\/dev.nysmusic.com\/2021\/wp-json\/wp\/v2\/users\/5"}],"replies":[{"embeddable":true,"href":"https:\/\/dev.nysmusic.com\/2021\/wp-json\/wp\/v2\/comments?post=1034"}],"version-history":[{"count":0,"href":"https:\/\/dev.nysmusic.com\/2021\/wp-json\/wp\/v2\/posts\/1034\/revisions"}],"wp:attachment":[{"href":"https:\/\/dev.nysmusic.com\/2021\/wp-json\/wp\/v2\/media?parent=1034"}],"wp:term":[{"taxonomy":"category","embeddable":true,"href":"https:\/\/dev.nysmusic.com\/2021\/wp-json\/wp\/v2\/categories?post=1034"},{"taxonomy":"post_tag","embeddable":true,"href":"https:\/\/dev.nysmusic.com\/2021\/wp-json\/wp\/v2\/tags?post=1034"}],"curies":[{"name":"wp","href":"https:\/\/api.w.org\/{rel}","templated":true}]}}